{"id":2566,"date":"2025-04-10T12:02:09","date_gmt":"2025-04-10T10:02:09","guid":{"rendered":"https:\/\/www.joblev.de\/?p=2566"},"modified":"2025-04-15T17:03:33","modified_gmt":"2025-04-15T15:03:33","slug":"stadtteilbuero-im-vonovia-quartier-kostenfreie-beratungsangebote-fuer-alle-anwohnerin-steinbuechel","status":"publish","type":"post","link":"https:\/\/www.joblev.de\/en\/stadtteilbuero-im-vonovia-quartier-kostenfreie-beratungsangebote-fuer-alle-anwohnerin-steinbuechel\/","title":{"rendered":"Stadtteilb\u00fcro im Vonovia Quartier: Kostenfreie Beratungsangebote f\u00fcr Anwohner in Steinb\u00fcchel"},"content":{"rendered":"<ul class=\"wp-block-list\">\n<li><strong>Umfassende Beratung und praktische Unterst\u00fctzung<\/strong><\/li>\n\n\n\n<li><strong>Vonovia stellt R\u00e4umlichkeiten im Quartier<br>kostenfrei zur Verf\u00fcgung<\/strong><\/li>\n\n\n\n<li><strong>Erfolgreiche Jobvermittlung in Steinb\u00fcchel<\/strong><\/li>\n<\/ul>\n\n\n\n<p>In der K\u00e4the-Kollwitz-Stra\u00dfe 26 finden Anwohnerinnen und Anwohner ein besonderes Angebot. Mitten im Quartier des Wohnungsunternehmens Vonovia findet sich das Stadtteilb\u00fcro Steinb\u00fcchel als zentrale Anlaufstelle f\u00fcr die Nachbarschaft. In enger Kooperation mit der JOB Service Besch\u00e4ftigungsf\u00f6rderung Leverkusen gGmbH (JSL) entstand hier ein Beratungsangebot f\u00fcr alle Anwohnerinnen und Anwohner, die auf staatliche Hilfen angewiesen sind oder \u00fcber ein geringes Einkommen verf\u00fcgen. Vonovia stellt hierf\u00fcr das ehemalige Hausmeistergeb\u00e4ude mietfrei zur Verf\u00fcgung.<\/p>\n\n\n\n<p><strong>Vielf\u00e4ltige Beratung f\u00fcr alle Lebenssituationen<\/strong><\/p>\n\n\n\n<p>Das Stadtteilb\u00fcro bietet eine umfassende Beratung zu verschiedensten Themen: von praktischer Unterst\u00fctzung bei Formularen und Antr\u00e4gen bis hin zur Vermittlung von Kontakten zu Fachberatungsstellen. Besonders wertvoll ist die Hilfe bei der Arbeitsplatzsuche, bei der die Mitarbeitenden mit ihrem Netzwerk und ihrer Expertise unterst\u00fctzen k\u00f6nnen. \u201eDabei geht es uns in erster Linie darum, gesellschaftliche Teilhabe zu f\u00f6rdern und \u00c4ngste abzubauen. Dank der Unterst\u00fctzung von Vonovia k\u00f6nnen wir auch im Herzen des Quartiers pr\u00e4sent sein und sind so nah an den Menschen in Steinb\u00fcchel\u201c, erkl\u00e4rt Thomas Schorn, Gesch\u00e4ftsf\u00fchrer der JSL.<\/p>\n\n\n\n<p>\u201eDas B\u00fcrgerb\u00fcro ist ein wichtiger Baustein f\u00fcr eine lebendige und unterst\u00fctzende Nachbarschaft in unserem Quartier\u201c, erg\u00e4nzt Vonovia Regionalbereichsleiter Sascha Steiner. \u201eZudem befinden wir uns in einem regelm\u00e4\u00dfigen Austausch f\u00fcr offene Stellen. Gemeinsam konnten wir so bereits sechs Leverkusenern eine Anstellung bei unserem Wohnumfeld-Team anbieten. Ein voller Erfolg!\u201c<\/p>\n\n\n\n<p><strong>Konkrete Hilfe im Alltag<\/strong><\/p>\n\n\n\n<p>Das Stadtteilb\u00fcro Steinb\u00fcchel bietet montags und dienstags von 9 bis 13 Uhr sowie donnerstags von 12 bis 15 Uhr offene Sprechstunden an. \u201eWir haben ein offenes Ohr f\u00fcr jeden. Auch f\u00fcr jene, die nicht so gut Deutsch sprechen, denn hier gibt es h\u00e4ufig Verst\u00e4ndnisschwierigkeiten bei Briefen oder Beh\u00f6rdeng\u00e4ngen, bei denen wir gerne unterst\u00fctzen\u201c, erkl\u00e4rt Schorn. \u201eBei konkreten Fragen m\u00f6chten wir dennoch alle Menschen ohne Deutschkenntnisse bitten, mit einer Begleitperson zu uns zu kommen. So k\u00f6nnen wir Verst\u00e4ndnisschwierigkeiten vermeiden.\u201c<\/p>\n\n\n\n<figure class=\"wp-block-image size-large\"><img loading=\"lazy\" decoding=\"async\" width=\"1024\" height=\"683\" src=\"https:\/\/www.joblev.de\/wp-content\/uploads\/2025\/04\/Beratung-Steinbuechel-1024x683.jpg\" alt=\"\" class=\"wp-image-2567\" srcset=\"https:\/\/www.joblev.de\/wp-content\/uploads\/2025\/04\/Beratung-Steinbuechel-1024x683.jpg 1024w, https:\/\/www.joblev.de\/wp-content\/uploads\/2025\/04\/Beratung-Steinbuechel-300x200.jpg 300w, https:\/\/www.joblev.de\/wp-content\/uploads\/2025\/04\/Beratung-Steinbuechel-768x512.jpg 768w, https:\/\/www.joblev.de\/wp-content\/uploads\/2025\/04\/Beratung-Steinbuechel-18x12.jpg 18w, https:\/\/www.joblev.de\/wp-content\/uploads\/2025\/04\/Beratung-Steinbuechel-900x600.jpg 900w, https:\/\/www.joblev.de\/wp-content\/uploads\/2025\/04\/Beratung-Steinbuechel.jpg 1200w\" sizes=\"auto, (max-width: 1024px) 100vw, 1024px\" \/><\/figure>\n\n\n\n<p>Thomas Schorn und Caroline Zbrozek (JSL) er\u00f6ffnen gemeinsam mit Vonovia-Regionalbereichsleiter Sascha Steiner (v. l.) das neue Beratungsangebot in Steinb\u00fcchel.<\/p>\n\n\n\n<p>Bildnachweis: Vonovia \/ Miserius<\/p>\n\n\n\n<p><\/p>","protected":false},"excerpt":{"rendered":"<p>In der K\u00e4the-Kollwitz-Stra\u00dfe 26 finden Anwohnerinnen und Anwohner ein besonderes Angebot. Mitten im Quartier des Wohnungsunternehmens Vonovia findet sich das Stadtteilb\u00fcro Steinb\u00fcchel als zentrale Anlaufstelle f\u00fcr die Nachbarschaft. In enger&#8230;<\/p>","protected":false},"author":3,"featured_media":0,"comment_status":"closed","ping_status":"closed","sticky":false,"template":"","format":"standard","meta":{"footnotes":""},"categories":[1],"tags":[],"class_list":{"0":"post-2566","1":"post","2":"type-post","3":"status-publish","4":"format-standard","6":"category-allgemein"},"aioseo_notices":[],"_links":{"self":[{"href":"https:\/\/www.joblev.de\/en\/wp-json\/wp\/v2\/posts\/2566","targetHints":{"allow":["GET"]}}],"collection":[{"href":"https:\/\/www.joblev.de\/en\/wp-json\/wp\/v2\/posts"}],"about":[{"href":"https:\/\/www.joblev.de\/en\/wp-json\/wp\/v2\/types\/post"}],"author":[{"embeddable":true,"href":"https:\/\/www.joblev.de\/en\/wp-json\/wp\/v2\/users\/3"}],"replies":[{"embeddable":true,"href":"https:\/\/www.joblev.de\/en\/wp-json\/wp\/v2\/comments?post=2566"}],"version-history":[{"count":5,"href":"https:\/\/www.joblev.de\/en\/wp-json\/wp\/v2\/posts\/2566\/revisions"}],"predecessor-version":[{"id":2592,"href":"https:\/\/www.joblev.de\/en\/wp-json\/wp\/v2\/posts\/2566\/revisions\/2592"}],"wp:attachment":[{"href":"https:\/\/www.joblev.de\/en\/wp-json\/wp\/v2\/media?parent=2566"}],"wp:term":[{"taxonomy":"category","embeddable":true,"href":"https:\/\/www.joblev.de\/en\/wp-json\/wp\/v2\/categories?post=2566"},{"taxonomy":"post_tag","embeddable":true,"href":"https:\/\/www.joblev.de\/en\/wp-json\/wp\/v2\/tags?post=2566"}],"curies":[{"name":"wp","href":"https:\/\/api.w.org\/{rel}","templated":true}]}}