{"id":2656,"date":"2025-07-04T11:17:42","date_gmt":"2025-07-04T09:17:42","guid":{"rendered":"https:\/\/www.joblev.de\/?p=2656"},"modified":"2025-07-04T11:45:13","modified_gmt":"2025-07-04T09:45:13","slug":"2-minuten-info-auf-insta-gemeinsam-gegen-muell-und-fuer-eine-bessere-umwelt-in-leverkusen","status":"publish","type":"post","link":"https:\/\/www.joblev.de\/en\/2-minuten-info-auf-insta-gemeinsam-gegen-muell-und-fuer-eine-bessere-umwelt-in-leverkusen\/","title":{"rendered":"2-Minuten-Info auf Instagram: &#8218;Gemeinsam gegen M\u00fcll und f\u00fcr eine bessere Umwelt in Leverkusen&#8216;"},"content":{"rendered":"<p>Klick hier: <a href=\"https:\/\/smex-ctp.trendmicro.com:443\/wis\/clicktime\/v1\/query?url=https%3a%2f%2fwww.instagram.com%2freel%2fDLrbJIgoXeJ%2f%3figsh%3dMWhudWZjZGxsYmFzNQ%3d%3d&amp;umid=3f865893-8985-4792-93c8-f98196e602b7&amp;auth=973b2769892837bfed732f9a55dba5ef15c3ad3c-2faf852ceb09f7eef227d208335e090d27b4c6c6\" target=\"_blank\" rel=\"noopener\" title=\"\">2-Minuten-Info auf Instagram zum Besch\u00e4ftigungs- und Qualifizierungsprojekt &#8218;Gemeinsam gegen M\u00fcll und f\u00fcr eine bessere Umwelt in Leverkusen&#8216;<\/a><\/p>\n\n\n\n<p>Weitere Infos: <a href=\"https:\/\/www.joblev.de\/en\/gemeinsam-gegen-muell\/\" target=\"_blank\" rel=\"noopener\" title=\"\">Website des Besch\u00e4ftigungs- und Qualifizierungsprojektes<\/a><\/p>\n\n\n\n<p><\/p>","protected":false},"excerpt":{"rendered":"<p>Klick hier: 2-Minuten-Info auf Instagram zum Besch\u00e4ftigungs- und Qualifizierungsprojekt &#8218;Gemeinsam gegen M\u00fcll und f\u00fcr eine bessere Umwelt in Leverkusen&#8216; Weitere Infos: Website des Besch\u00e4ftigungs- und Qualifizierungsprojektes<\/p>","protected":false},"author":3,"featured_media":0,"comment_status":"closed","ping_status":"closed","sticky":false,"template":"","format":"standard","meta":{"footnotes":""},"categories":[1],"tags":[],"class_list":{"0":"post-2656","1":"post","2":"type-post","3":"status-publish","4":"format-standard","6":"category-allgemein"},"aioseo_notices":[],"_links":{"self":[{"href":"https:\/\/www.joblev.de\/en\/wp-json\/wp\/v2\/posts\/2656","targetHints":{"allow":["GET"]}}],"collection":[{"href":"https:\/\/www.joblev.de\/en\/wp-json\/wp\/v2\/posts"}],"about":[{"href":"https:\/\/www.joblev.de\/en\/wp-json\/wp\/v2\/types\/post"}],"author":[{"embeddable":true,"href":"https:\/\/www.joblev.de\/en\/wp-json\/wp\/v2\/users\/3"}],"replies":[{"embeddable":true,"href":"https:\/\/www.joblev.de\/en\/wp-json\/wp\/v2\/comments?post=2656"}],"version-history":[{"count":2,"href":"https:\/\/www.joblev.de\/en\/wp-json\/wp\/v2\/posts\/2656\/revisions"}],"predecessor-version":[{"id":2659,"href":"https:\/\/www.joblev.de\/en\/wp-json\/wp\/v2\/posts\/2656\/revisions\/2659"}],"wp:attachment":[{"href":"https:\/\/www.joblev.de\/en\/wp-json\/wp\/v2\/media?parent=2656"}],"wp:term":[{"taxonomy":"category","embeddable":true,"href":"https:\/\/www.joblev.de\/en\/wp-json\/wp\/v2\/categories?post=2656"},{"taxonomy":"post_tag","embeddable":true,"href":"https:\/\/www.joblev.de\/en\/wp-json\/wp\/v2\/tags?post=2656"}],"curies":[{"name":"wp","href":"https:\/\/api.w.org\/{rel}","templated":true}]}}